{"id":136,"count":1,"description":"","link":"https:\/\/www.sezgineren.com\/Blog\/etiket\/2026-ogrenci-affi-sartlari","name":"2026 \u00f6\u011frenci aff\u0131 \u015fartlar\u0131","slug":"2026-ogrenci-affi-sartlari","taxonomy":"post_tag","meta":[],"_links":{"self":[{"href":"https:\/\/www.sezgineren.com\/Blog\/wp-json\/wp\/v2\/tags\/136","targetHints":{"allow":["GET"]}}],"collection":[{"href":"https:\/\/www.sezgineren.com\/Blog\/wp-json\/wp\/v2\/tags"}],"about":[{"href":"https:\/\/www.sezgineren.com\/Blog\/wp-json\/wp\/v2\/taxonomies\/post_tag"}],"wp:post_type":[{"href":"https:\/\/www.sezgineren.com\/Blog\/wp-json\/wp\/v2\/posts?tags=136"}],"curies":[{"name":"wp","href":"https:\/\/api.w.org\/{rel}","templated":true}]}}